{"id":35015,"date":"2025-12-03T09:57:14","date_gmt":"2025-12-03T08:57:14","guid":{"rendered":"https:\/\/www.ilr.lu\/?post_type=actualite&#038;p=35015"},"modified":"2025-12-03T09:57:14","modified_gmt":"2025-12-03T08:57:14","slug":"decision-ilr-e25-33-du-10-novembre-2025-portant-acceptation-des-tarifs-dutilisation-du-reseau-industriel-delectricite-gere-par-sotel-reseau-et-cie-s-e-c-s-pour-lannee-2026","status":"publish","type":"actualite","link":"https:\/\/www.ilr.lu\/en\/actualite\/decision-ilr-e25-33-du-10-novembre-2025-portant-acceptation-des-tarifs-dutilisation-du-reseau-industriel-delectricite-gere-par-sotel-reseau-et-cie-s-e-c-s-pour-lannee-2026\/","title":{"rendered":"D\u00e9cision ILR\/E25\/33 du 10 novembre 2025 portant acceptation des tarifs d\u2019utilisation du r\u00e9seau industriel d\u2019\u00e9lectricit\u00e9 g\u00e9r\u00e9 par Sotel R\u00e9seau et Cie S.e.c.s. pour l\u2019ann\u00e9e 2026"},"content":{"rendered":"<p><a href=\"https:\/\/www.ilr.lu\/cadre-legal\/decision-ilr-e25-33-du-10-novembre-2025\/\">D\u00e9cision ILR\/E25\/33 du 10 novembre 2025<\/a> portant acceptation des tarifs d\u2019utilisation du r\u00e9seau industriel d\u2019\u00e9lectricit\u00e9 g\u00e9r\u00e9 par Sotel R\u00e9seau et Cie S.e.c.s. pour l\u2019ann\u00e9e 2026<\/p>\n","protected":false},"author":18,"featured_media":29356,"template":"","meta":{"_acf_changed":false,"footnotes":""},"secteur":[49],"class_list":["post-35015","actualite","type-actualite","status-publish","has-post-thumbnail","hentry","secteur-electricite"],"acf":[],"yoast_head":"<!-- This site is optimized with the Yoast SEO Premium plugin v27.0 (Yoast SEO v27.0) - https:\/\/yoast.com\/product\/yoast-seo-premium-wordpress\/ -->\n<title>D\u00e9cision ILR\/E25\/33 du 10 novembre 2025 portant acceptation des tarifs d\u2019utilisation du r\u00e9seau industriel d\u2019\u00e9lectricit\u00e9 g\u00e9r\u00e9 par Sotel R\u00e9seau et Cie S.e.c.s. pour l\u2019ann\u00e9e 2026 - ILR<\/title>\n<meta name=\"robots\" content=\"index, follow, max-snippet:-1, max-image-preview:large, max-video-preview:-1\" \/>\n<link rel=\"canonical\" href=\"https:\/\/www.ilr.lu\/en\/actualite\/decision-ilr-e25-33-du-10-novembre-2025-portant-acceptation-des-tarifs-dutilisation-du-reseau-industriel-delectricite-gere-par-sotel-reseau-et-cie-s-e-c-s-pour-lannee-2026\/\" \/>\n<meta property=\"og:locale\" content=\"en_US\" \/>\n<meta property=\"og:type\" content=\"article\" \/>\n<meta property=\"og:title\" content=\"D\u00e9cision ILR\/E25\/33 du 10 novembre 2025 portant acceptation des tarifs d\u2019utilisation du r\u00e9seau industriel d\u2019\u00e9lectricit\u00e9 g\u00e9r\u00e9 par Sotel R\u00e9seau et Cie S.e.c.s. pour l\u2019ann\u00e9e 2026\" \/>\n<meta property=\"og:description\" content=\"D\u00e9cision ILR\/E25\/33 du 10 novembre 2025 portant acceptation des tarifs d\u2019utilisation du r\u00e9seau industriel d\u2019\u00e9lectricit\u00e9 g\u00e9r\u00e9 par Sotel R\u00e9seau et Cie S.e.c.s. pour l\u2019ann\u00e9e 2026\" \/>\n<meta property=\"og:url\" content=\"https:\/\/www.ilr.lu\/en\/actualite\/decision-ilr-e25-33-du-10-novembre-2025-portant-acceptation-des-tarifs-dutilisation-du-reseau-industriel-delectricite-gere-par-sotel-reseau-et-cie-s-e-c-s-pour-lannee-2026\/\" \/>\n<meta property=\"og:site_name\" content=\"ILR\" \/>\n<meta property=\"og:image\" content=\"https:\/\/www.ilr.lu\/wp-content\/uploads\/pexels-anete-lusina-4792288-scaled.jpg\" \/>\n\t<meta property=\"og:image:width\" content=\"2560\" \/>\n\t<meta property=\"og:image:height\" content=\"1709\" \/>\n\t<meta property=\"og:image:type\" content=\"image\/jpeg\" \/>\n<meta name=\"twitter:card\" content=\"summary_large_image\" \/>\n<meta name=\"twitter:label1\" content=\"Est. reading time\" \/>\n\t<meta name=\"twitter:data1\" content=\"1 minute\" \/>\n<script type=\"application\/ld+json\" class=\"yoast-schema-graph\">{\"@context\":\"https:\/\/schema.org\",\"@graph\":[{\"@type\":\"WebPage\",\"@id\":\"https:\/\/www.ilr.lu\/en\/actualite\/decision-ilr-e25-33-du-10-novembre-2025-portant-acceptation-des-tarifs-dutilisation-du-reseau-industriel-delectricite-gere-par-sotel-reseau-et-cie-s-e-c-s-pour-lannee-2026\/\",\"url\":\"https:\/\/www.ilr.lu\/en\/actualite\/decision-ilr-e25-33-du-10-novembre-2025-portant-acceptation-des-tarifs-dutilisation-du-reseau-industriel-delectricite-gere-par-sotel-reseau-et-cie-s-e-c-s-pour-lannee-2026\/\",\"name\":\"D\u00e9cision ILR\/E25\/33 du 10 novembre 2025 portant acceptation des tarifs d\u2019utilisation du r\u00e9seau industriel d\u2019\u00e9lectricit\u00e9 g\u00e9r\u00e9 par Sotel R\u00e9seau et Cie S.e.c.s. pour l\u2019ann\u00e9e 2026 - ILR\",\"isPartOf\":{\"@id\":\"https:\/\/www.ilr.lu\/en\/#website\"},\"primaryImageOfPage\":{\"@id\":\"https:\/\/www.ilr.lu\/en\/actualite\/decision-ilr-e25-33-du-10-novembre-2025-portant-acceptation-des-tarifs-dutilisation-du-reseau-industriel-delectricite-gere-par-sotel-reseau-et-cie-s-e-c-s-pour-lannee-2026\/#primaryimage\"},\"image\":{\"@id\":\"https:\/\/www.ilr.lu\/en\/actualite\/decision-ilr-e25-33-du-10-novembre-2025-portant-acceptation-des-tarifs-dutilisation-du-reseau-industriel-delectricite-gere-par-sotel-reseau-et-cie-s-e-c-s-pour-lannee-2026\/#primaryimage\"},\"thumbnailUrl\":\"https:\/\/www.ilr.lu\/wp-content\/uploads\/pexels-anete-lusina-4792288-scaled.jpg\",\"datePublished\":\"2025-12-03T08:57:14+00:00\",\"breadcrumb\":{\"@id\":\"https:\/\/www.ilr.lu\/en\/actualite\/decision-ilr-e25-33-du-10-novembre-2025-portant-acceptation-des-tarifs-dutilisation-du-reseau-industriel-delectricite-gere-par-sotel-reseau-et-cie-s-e-c-s-pour-lannee-2026\/#breadcrumb\"},\"inLanguage\":\"en-US\",\"potentialAction\":[{\"@type\":\"ReadAction\",\"target\":[\"https:\/\/www.ilr.lu\/en\/actualite\/decision-ilr-e25-33-du-10-novembre-2025-portant-acceptation-des-tarifs-dutilisation-du-reseau-industriel-delectricite-gere-par-sotel-reseau-et-cie-s-e-c-s-pour-lannee-2026\/\"]}]},{\"@type\":\"ImageObject\",\"inLanguage\":\"en-US\",\"@id\":\"https:\/\/www.ilr.lu\/en\/actualite\/decision-ilr-e25-33-du-10-novembre-2025-portant-acceptation-des-tarifs-dutilisation-du-reseau-industriel-delectricite-gere-par-sotel-reseau-et-cie-s-e-c-s-pour-lannee-2026\/#primaryimage\",\"url\":\"https:\/\/www.ilr.lu\/wp-content\/uploads\/pexels-anete-lusina-4792288-scaled.jpg\",\"contentUrl\":\"https:\/\/www.ilr.lu\/wp-content\/uploads\/pexels-anete-lusina-4792288-scaled.jpg\",\"width\":2560,\"height\":1709},{\"@type\":\"BreadcrumbList\",\"@id\":\"https:\/\/www.ilr.lu\/en\/actualite\/decision-ilr-e25-33-du-10-novembre-2025-portant-acceptation-des-tarifs-dutilisation-du-reseau-industriel-delectricite-gere-par-sotel-reseau-et-cie-s-e-c-s-pour-lannee-2026\/#breadcrumb\",\"itemListElement\":[{\"@type\":\"ListItem\",\"position\":1,\"name\":\"Accueil\",\"item\":\"https:\/\/www.ilr.lu\/en\/\"},{\"@type\":\"ListItem\",\"position\":2,\"name\":\"D\u00e9cision ILR\/E25\/33 du 10 novembre 2025 portant acceptation des tarifs d\u2019utilisation du r\u00e9seau industriel d\u2019\u00e9lectricit\u00e9 g\u00e9r\u00e9 par Sotel R\u00e9seau et Cie S.e.c.s. pour l\u2019ann\u00e9e 2026\"}]},{\"@type\":\"WebSite\",\"@id\":\"https:\/\/www.ilr.lu\/en\/#website\",\"url\":\"https:\/\/www.ilr.lu\/en\/\",\"name\":\"Institut luxembourgeois de r\u00e9gulation\",\"description\":\"\",\"publisher\":{\"@id\":\"https:\/\/www.ilr.lu\/en\/#organization\"},\"alternateName\":\"ILR\",\"potentialAction\":[{\"@type\":\"SearchAction\",\"target\":{\"@type\":\"EntryPoint\",\"urlTemplate\":\"https:\/\/www.ilr.lu\/en\/?s={search_term_string}\"},\"query-input\":{\"@type\":\"PropertyValueSpecification\",\"valueRequired\":true,\"valueName\":\"search_term_string\"}}],\"inLanguage\":\"en-US\"},{\"@type\":\"Organization\",\"@id\":\"https:\/\/www.ilr.lu\/en\/#organization\",\"name\":\"ILR\",\"url\":\"https:\/\/www.ilr.lu\/en\/\",\"logo\":{\"@type\":\"ImageObject\",\"inLanguage\":\"en-US\",\"@id\":\"https:\/\/www.ilr.lu\/en\/#\/schema\/logo\/image\/\",\"url\":\"https:\/\/www.ilr.lu\/wp-content\/uploads\/Screenshot-2025-02-07-at-10.28.38.png\",\"contentUrl\":\"https:\/\/www.ilr.lu\/wp-content\/uploads\/Screenshot-2025-02-07-at-10.28.38.png\",\"width\":130,\"height\":124,\"caption\":\"ILR\"},\"image\":{\"@id\":\"https:\/\/www.ilr.lu\/en\/#\/schema\/logo\/image\/\"},\"sameAs\":[\"https:\/\/www.linkedin.com\/company\/ilr\/\"]}]}<\/script>\n<!-- \/ Yoast SEO Premium plugin. -->","yoast_head_json":{"title":"D\u00e9cision ILR\/E25\/33 du 10 novembre 2025 portant acceptation des tarifs d\u2019utilisation du r\u00e9seau industriel d\u2019\u00e9lectricit\u00e9 g\u00e9r\u00e9 par Sotel R\u00e9seau et Cie S.e.c.s. pour l\u2019ann\u00e9e 2026 - ILR","robots":{"index":"index","follow":"follow","max-snippet":"max-snippet:-1","max-image-preview":"max-image-preview:large","max-video-preview":"max-video-preview:-1"},"canonical":"https:\/\/www.ilr.lu\/en\/actualite\/decision-ilr-e25-33-du-10-novembre-2025-portant-acceptation-des-tarifs-dutilisation-du-reseau-industriel-delectricite-gere-par-sotel-reseau-et-cie-s-e-c-s-pour-lannee-2026\/","og_locale":"en_US","og_type":"article","og_title":"D\u00e9cision ILR\/E25\/33 du 10 novembre 2025 portant acceptation des tarifs d\u2019utilisation du r\u00e9seau industriel d\u2019\u00e9lectricit\u00e9 g\u00e9r\u00e9 par Sotel R\u00e9seau et Cie S.e.c.s. pour l\u2019ann\u00e9e 2026","og_description":"D\u00e9cision ILR\/E25\/33 du 10 novembre 2025 portant acceptation des tarifs d\u2019utilisation du r\u00e9seau industriel d\u2019\u00e9lectricit\u00e9 g\u00e9r\u00e9 par Sotel R\u00e9seau et Cie S.e.c.s. pour l\u2019ann\u00e9e 2026","og_url":"https:\/\/www.ilr.lu\/en\/actualite\/decision-ilr-e25-33-du-10-novembre-2025-portant-acceptation-des-tarifs-dutilisation-du-reseau-industriel-delectricite-gere-par-sotel-reseau-et-cie-s-e-c-s-pour-lannee-2026\/","og_site_name":"ILR","og_image":[{"width":2560,"height":1709,"url":"https:\/\/www.ilr.lu\/wp-content\/uploads\/pexels-anete-lusina-4792288-scaled.jpg","type":"image\/jpeg"}],"twitter_card":"summary_large_image","twitter_misc":{"Est. reading time":"1 minute"},"schema":{"@context":"https:\/\/schema.org","@graph":[{"@type":"WebPage","@id":"https:\/\/www.ilr.lu\/en\/actualite\/decision-ilr-e25-33-du-10-novembre-2025-portant-acceptation-des-tarifs-dutilisation-du-reseau-industriel-delectricite-gere-par-sotel-reseau-et-cie-s-e-c-s-pour-lannee-2026\/","url":"https:\/\/www.ilr.lu\/en\/actualite\/decision-ilr-e25-33-du-10-novembre-2025-portant-acceptation-des-tarifs-dutilisation-du-reseau-industriel-delectricite-gere-par-sotel-reseau-et-cie-s-e-c-s-pour-lannee-2026\/","name":"D\u00e9cision ILR\/E25\/33 du 10 novembre 2025 portant acceptation des tarifs d\u2019utilisation du r\u00e9seau industriel d\u2019\u00e9lectricit\u00e9 g\u00e9r\u00e9 par Sotel R\u00e9seau et Cie S.e.c.s. pour l\u2019ann\u00e9e 2026 - ILR","isPartOf":{"@id":"https:\/\/www.ilr.lu\/en\/#website"},"primaryImageOfPage":{"@id":"https:\/\/www.ilr.lu\/en\/actualite\/decision-ilr-e25-33-du-10-novembre-2025-portant-acceptation-des-tarifs-dutilisation-du-reseau-industriel-delectricite-gere-par-sotel-reseau-et-cie-s-e-c-s-pour-lannee-2026\/#primaryimage"},"image":{"@id":"https:\/\/www.ilr.lu\/en\/actualite\/decision-ilr-e25-33-du-10-novembre-2025-portant-acceptation-des-tarifs-dutilisation-du-reseau-industriel-delectricite-gere-par-sotel-reseau-et-cie-s-e-c-s-pour-lannee-2026\/#primaryimage"},"thumbnailUrl":"https:\/\/www.ilr.lu\/wp-content\/uploads\/pexels-anete-lusina-4792288-scaled.jpg","datePublished":"2025-12-03T08:57:14+00:00","breadcrumb":{"@id":"https:\/\/www.ilr.lu\/en\/actualite\/decision-ilr-e25-33-du-10-novembre-2025-portant-acceptation-des-tarifs-dutilisation-du-reseau-industriel-delectricite-gere-par-sotel-reseau-et-cie-s-e-c-s-pour-lannee-2026\/#breadcrumb"},"inLanguage":"en-US","potentialAction":[{"@type":"ReadAction","target":["https:\/\/www.ilr.lu\/en\/actualite\/decision-ilr-e25-33-du-10-novembre-2025-portant-acceptation-des-tarifs-dutilisation-du-reseau-industriel-delectricite-gere-par-sotel-reseau-et-cie-s-e-c-s-pour-lannee-2026\/"]}]},{"@type":"ImageObject","inLanguage":"en-US","@id":"https:\/\/www.ilr.lu\/en\/actualite\/decision-ilr-e25-33-du-10-novembre-2025-portant-acceptation-des-tarifs-dutilisation-du-reseau-industriel-delectricite-gere-par-sotel-reseau-et-cie-s-e-c-s-pour-lannee-2026\/#primaryimage","url":"https:\/\/www.ilr.lu\/wp-content\/uploads\/pexels-anete-lusina-4792288-scaled.jpg","contentUrl":"https:\/\/www.ilr.lu\/wp-content\/uploads\/pexels-anete-lusina-4792288-scaled.jpg","width":2560,"height":1709},{"@type":"BreadcrumbList","@id":"https:\/\/www.ilr.lu\/en\/actualite\/decision-ilr-e25-33-du-10-novembre-2025-portant-acceptation-des-tarifs-dutilisation-du-reseau-industriel-delectricite-gere-par-sotel-reseau-et-cie-s-e-c-s-pour-lannee-2026\/#breadcrumb","itemListElement":[{"@type":"ListItem","position":1,"name":"Accueil","item":"https:\/\/www.ilr.lu\/en\/"},{"@type":"ListItem","position":2,"name":"D\u00e9cision ILR\/E25\/33 du 10 novembre 2025 portant acceptation des tarifs d\u2019utilisation du r\u00e9seau industriel d\u2019\u00e9lectricit\u00e9 g\u00e9r\u00e9 par Sotel R\u00e9seau et Cie S.e.c.s. pour l\u2019ann\u00e9e 2026"}]},{"@type":"WebSite","@id":"https:\/\/www.ilr.lu\/en\/#website","url":"https:\/\/www.ilr.lu\/en\/","name":"Institut luxembourgeois de r\u00e9gulation","description":"","publisher":{"@id":"https:\/\/www.ilr.lu\/en\/#organization"},"alternateName":"ILR","potentialAction":[{"@type":"SearchAction","target":{"@type":"EntryPoint","urlTemplate":"https:\/\/www.ilr.lu\/en\/?s={search_term_string}"},"query-input":{"@type":"PropertyValueSpecification","valueRequired":true,"valueName":"search_term_string"}}],"inLanguage":"en-US"},{"@type":"Organization","@id":"https:\/\/www.ilr.lu\/en\/#organization","name":"ILR","url":"https:\/\/www.ilr.lu\/en\/","logo":{"@type":"ImageObject","inLanguage":"en-US","@id":"https:\/\/www.ilr.lu\/en\/#\/schema\/logo\/image\/","url":"https:\/\/www.ilr.lu\/wp-content\/uploads\/Screenshot-2025-02-07-at-10.28.38.png","contentUrl":"https:\/\/www.ilr.lu\/wp-content\/uploads\/Screenshot-2025-02-07-at-10.28.38.png","width":130,"height":124,"caption":"ILR"},"image":{"@id":"https:\/\/www.ilr.lu\/en\/#\/schema\/logo\/image\/"},"sameAs":["https:\/\/www.linkedin.com\/company\/ilr\/"]}]}},"_links":{"self":[{"href":"https:\/\/www.ilr.lu\/en\/wp-json\/wp\/v2\/actualite\/35015","targetHints":{"allow":["GET"]}}],"collection":[{"href":"https:\/\/www.ilr.lu\/en\/wp-json\/wp\/v2\/actualite"}],"about":[{"href":"https:\/\/www.ilr.lu\/en\/wp-json\/wp\/v2\/types\/actualite"}],"author":[{"embeddable":true,"href":"https:\/\/www.ilr.lu\/en\/wp-json\/wp\/v2\/users\/18"}],"version-history":[{"count":1,"href":"https:\/\/www.ilr.lu\/en\/wp-json\/wp\/v2\/actualite\/35015\/revisions"}],"predecessor-version":[{"id":35016,"href":"https:\/\/www.ilr.lu\/en\/wp-json\/wp\/v2\/actualite\/35015\/revisions\/35016"}],"wp:featuredmedia":[{"embeddable":true,"href":"https:\/\/www.ilr.lu\/en\/wp-json\/wp\/v2\/media\/29356"}],"wp:attachment":[{"href":"https:\/\/www.ilr.lu\/en\/wp-json\/wp\/v2\/media?parent=35015"}],"wp:term":[{"taxonomy":"secteur","embeddable":true,"href":"https:\/\/www.ilr.lu\/en\/wp-json\/wp\/v2\/secteur?post=35015"}],"curies":[{"name":"wp","href":"https:\/\/api.w.org\/{rel}","templated":true}]}}