{"id":31717,"date":"2025-06-26T09:08:11","date_gmt":"2025-06-26T07:08:11","guid":{"rendered":"https:\/\/www.ilr.lu\/?post_type=actualite&#038;p=31717"},"modified":"2025-06-26T09:12:31","modified_gmt":"2025-06-26T07:12:31","slug":"chiffres-cles-du-marche-de-gaz-naturel-de-lannee-2024","status":"publish","type":"actualite","link":"https:\/\/www.ilr.lu\/de\/actualite\/chiffres-cles-du-marche-de-gaz-naturel-de-lannee-2024\/","title":{"rendered":"Chiffres cl\u00e9s du march\u00e9 de gaz naturel de l\u2019ann\u00e9e 2024"},"content":{"rendered":"<p>L&#8217;institut pr\u00e9sente les <a href=\"https:\/\/www.ilr.lu\/espace-statistiques\/statistiques\/chiffres-cles-du-marche-de-gaz-naturel-de-lannee-2024\/\">Chiffres cl\u00e9s du march\u00e9 de gaz naturel de l\u2019ann\u00e9e 2024<\/a><\/p>\n<p>&nbsp;<\/p>\n<p>L&#8217;infographie: <a href=\"https:\/\/www.ilr.lu\/publications\/31669\/\">\u00c9volution des march\u00e9s de l\u2019\u00e9lectricit\u00e9 et du gaz naturel \u2013 2024<\/a><\/p>\n<p>&nbsp;<\/p>\n<p>Le tableau de bord interactif: <a href=\"https:\/\/www.ilr.lu\/espace-statistiques\/statistiques\/tableau-de-bord-gaz-naturel\/\">Tableau de bord \u2013 Gaz naturel<\/a><\/p>\n<p>&nbsp;<\/p>\n<p>Le communiqu\u00e9 de presse: <a href=\"https:\/\/www.ilr.lu\/publications\/lilr-propose-desormais-une-offre-complete-dinformations-sur-le-secteur-du-gaz-naturel\/\">L\u2019ILR propose d\u00e9sormais une offre compl\u00e8te d\u2019informations sur le secteur du gaz naturel<\/a><\/p>\n","protected":false},"author":29,"featured_media":24069,"template":"","meta":{"_acf_changed":false,"footnotes":""},"secteur":[84],"class_list":["post-31717","actualite","type-actualite","status-publish","has-post-thumbnail","hentry","secteur-statistiques"],"acf":[],"yoast_head":"<!-- This site is optimized with the Yoast SEO Premium plugin v27.0 (Yoast SEO v27.0) - https:\/\/yoast.com\/product\/yoast-seo-premium-wordpress\/ -->\n<title>Chiffres cl\u00e9s du march\u00e9 de gaz naturel de l\u2019ann\u00e9e 2024 - ILR<\/title>\n<meta name=\"robots\" content=\"index, follow, max-snippet:-1, max-image-preview:large, max-video-preview:-1\" \/>\n<link rel=\"canonical\" href=\"https:\/\/www.ilr.lu\/de\/actualite\/chiffres-cles-du-marche-de-gaz-naturel-de-lannee-2024\/\" \/>\n<meta property=\"og:locale\" content=\"de_DE\" \/>\n<meta property=\"og:type\" content=\"article\" \/>\n<meta property=\"og:title\" content=\"Chiffres cl\u00e9s du march\u00e9 de gaz naturel de l\u2019ann\u00e9e 2024\" \/>\n<meta property=\"og:description\" content=\"L&#8217;institut pr\u00e9sente les Chiffres cl\u00e9s du march\u00e9 de gaz naturel de l\u2019ann\u00e9e 2024 &nbsp; L&#8217;infographie: \u00c9volution des march\u00e9s de l\u2019\u00e9lectricit\u00e9 et du gaz naturel \u2013 2024 &nbsp; Le tableau de bord interactif: Tableau de bord \u2013 Gaz naturel &nbsp; Le communiqu\u00e9 de presse: L\u2019ILR propose d\u00e9sormais une offre compl\u00e8te d\u2019informations sur le secteur du gaz [&hellip;]\" \/>\n<meta property=\"og:url\" content=\"https:\/\/www.ilr.lu\/de\/actualite\/chiffres-cles-du-marche-de-gaz-naturel-de-lannee-2024\/\" \/>\n<meta property=\"og:site_name\" content=\"ILR\" \/>\n<meta property=\"article:modified_time\" content=\"2025-06-26T07:12:31+00:00\" \/>\n<meta property=\"og:image\" content=\"https:\/\/www.ilr.lu\/wp-content\/uploads\/assets\/gaz-naturel-industrie.jpeg\" \/>\n\t<meta property=\"og:image:width\" content=\"2048\" \/>\n\t<meta property=\"og:image:height\" content=\"2048\" \/>\n\t<meta property=\"og:image:type\" content=\"image\/jpeg\" \/>\n<meta name=\"twitter:card\" content=\"summary_large_image\" \/>\n<meta name=\"twitter:label1\" content=\"Gesch\u00e4tzte Lesezeit\" \/>\n\t<meta name=\"twitter:data1\" content=\"1\u00a0Minute\" \/>\n<script type=\"application\/ld+json\" class=\"yoast-schema-graph\">{\"@context\":\"https:\/\/schema.org\",\"@graph\":[{\"@type\":\"WebPage\",\"@id\":\"https:\/\/www.ilr.lu\/de\/actualite\/chiffres-cles-du-marche-de-gaz-naturel-de-lannee-2024\/\",\"url\":\"https:\/\/www.ilr.lu\/de\/actualite\/chiffres-cles-du-marche-de-gaz-naturel-de-lannee-2024\/\",\"name\":\"Chiffres cl\u00e9s du march\u00e9 de gaz naturel de l\u2019ann\u00e9e 2024 - ILR\",\"isPartOf\":{\"@id\":\"https:\/\/www.ilr.lu\/de\/#website\"},\"primaryImageOfPage\":{\"@id\":\"https:\/\/www.ilr.lu\/de\/actualite\/chiffres-cles-du-marche-de-gaz-naturel-de-lannee-2024\/#primaryimage\"},\"image\":{\"@id\":\"https:\/\/www.ilr.lu\/de\/actualite\/chiffres-cles-du-marche-de-gaz-naturel-de-lannee-2024\/#primaryimage\"},\"thumbnailUrl\":\"https:\/\/www.ilr.lu\/wp-content\/uploads\/assets\/gaz-naturel-industrie.jpeg\",\"datePublished\":\"2025-06-26T07:08:11+00:00\",\"dateModified\":\"2025-06-26T07:12:31+00:00\",\"breadcrumb\":{\"@id\":\"https:\/\/www.ilr.lu\/de\/actualite\/chiffres-cles-du-marche-de-gaz-naturel-de-lannee-2024\/#breadcrumb\"},\"inLanguage\":\"de\",\"potentialAction\":[{\"@type\":\"ReadAction\",\"target\":[\"https:\/\/www.ilr.lu\/de\/actualite\/chiffres-cles-du-marche-de-gaz-naturel-de-lannee-2024\/\"]}]},{\"@type\":\"ImageObject\",\"inLanguage\":\"de\",\"@id\":\"https:\/\/www.ilr.lu\/de\/actualite\/chiffres-cles-du-marche-de-gaz-naturel-de-lannee-2024\/#primaryimage\",\"url\":\"https:\/\/www.ilr.lu\/wp-content\/uploads\/assets\/gaz-naturel-industrie.jpeg\",\"contentUrl\":\"https:\/\/www.ilr.lu\/wp-content\/uploads\/assets\/gaz-naturel-industrie.jpeg\",\"width\":2048,\"height\":2048,\"caption\":\"Installations de gaz naturel\"},{\"@type\":\"BreadcrumbList\",\"@id\":\"https:\/\/www.ilr.lu\/de\/actualite\/chiffres-cles-du-marche-de-gaz-naturel-de-lannee-2024\/#breadcrumb\",\"itemListElement\":[{\"@type\":\"ListItem\",\"position\":1,\"name\":\"Accueil\",\"item\":\"https:\/\/www.ilr.lu\/de\/\"},{\"@type\":\"ListItem\",\"position\":2,\"name\":\"Chiffres cl\u00e9s du march\u00e9 de gaz naturel de l\u2019ann\u00e9e 2024\"}]},{\"@type\":\"WebSite\",\"@id\":\"https:\/\/www.ilr.lu\/de\/#website\",\"url\":\"https:\/\/www.ilr.lu\/de\/\",\"name\":\"Institut luxembourgeois de r\u00e9gulation\",\"description\":\"\",\"publisher\":{\"@id\":\"https:\/\/www.ilr.lu\/de\/#organization\"},\"alternateName\":\"ILR\",\"potentialAction\":[{\"@type\":\"SearchAction\",\"target\":{\"@type\":\"EntryPoint\",\"urlTemplate\":\"https:\/\/www.ilr.lu\/de\/?s={search_term_string}\"},\"query-input\":{\"@type\":\"PropertyValueSpecification\",\"valueRequired\":true,\"valueName\":\"search_term_string\"}}],\"inLanguage\":\"de\"},{\"@type\":\"Organization\",\"@id\":\"https:\/\/www.ilr.lu\/de\/#organization\",\"name\":\"ILR\",\"url\":\"https:\/\/www.ilr.lu\/de\/\",\"logo\":{\"@type\":\"ImageObject\",\"inLanguage\":\"de\",\"@id\":\"https:\/\/www.ilr.lu\/de\/#\/schema\/logo\/image\/\",\"url\":\"https:\/\/www.ilr.lu\/wp-content\/uploads\/Screenshot-2025-02-07-at-10.28.38.png\",\"contentUrl\":\"https:\/\/www.ilr.lu\/wp-content\/uploads\/Screenshot-2025-02-07-at-10.28.38.png\",\"width\":130,\"height\":124,\"caption\":\"ILR\"},\"image\":{\"@id\":\"https:\/\/www.ilr.lu\/de\/#\/schema\/logo\/image\/\"},\"sameAs\":[\"https:\/\/www.linkedin.com\/company\/ilr\/\"]}]}<\/script>\n<!-- \/ Yoast SEO Premium plugin. -->","yoast_head_json":{"title":"Chiffres cl\u00e9s du march\u00e9 de gaz naturel de l\u2019ann\u00e9e 2024 - ILR","robots":{"index":"index","follow":"follow","max-snippet":"max-snippet:-1","max-image-preview":"max-image-preview:large","max-video-preview":"max-video-preview:-1"},"canonical":"https:\/\/www.ilr.lu\/de\/actualite\/chiffres-cles-du-marche-de-gaz-naturel-de-lannee-2024\/","og_locale":"de_DE","og_type":"article","og_title":"Chiffres cl\u00e9s du march\u00e9 de gaz naturel de l\u2019ann\u00e9e 2024","og_description":"L&#8217;institut pr\u00e9sente les Chiffres cl\u00e9s du march\u00e9 de gaz naturel de l\u2019ann\u00e9e 2024 &nbsp; L&#8217;infographie: \u00c9volution des march\u00e9s de l\u2019\u00e9lectricit\u00e9 et du gaz naturel \u2013 2024 &nbsp; Le tableau de bord interactif: Tableau de bord \u2013 Gaz naturel &nbsp; Le communiqu\u00e9 de presse: L\u2019ILR propose d\u00e9sormais une offre compl\u00e8te d\u2019informations sur le secteur du gaz [&hellip;]","og_url":"https:\/\/www.ilr.lu\/de\/actualite\/chiffres-cles-du-marche-de-gaz-naturel-de-lannee-2024\/","og_site_name":"ILR","article_modified_time":"2025-06-26T07:12:31+00:00","og_image":[{"width":2048,"height":2048,"url":"https:\/\/www.ilr.lu\/wp-content\/uploads\/assets\/gaz-naturel-industrie.jpeg","type":"image\/jpeg"}],"twitter_card":"summary_large_image","twitter_misc":{"Gesch\u00e4tzte Lesezeit":"1\u00a0Minute"},"schema":{"@context":"https:\/\/schema.org","@graph":[{"@type":"WebPage","@id":"https:\/\/www.ilr.lu\/de\/actualite\/chiffres-cles-du-marche-de-gaz-naturel-de-lannee-2024\/","url":"https:\/\/www.ilr.lu\/de\/actualite\/chiffres-cles-du-marche-de-gaz-naturel-de-lannee-2024\/","name":"Chiffres cl\u00e9s du march\u00e9 de gaz naturel de l\u2019ann\u00e9e 2024 - ILR","isPartOf":{"@id":"https:\/\/www.ilr.lu\/de\/#website"},"primaryImageOfPage":{"@id":"https:\/\/www.ilr.lu\/de\/actualite\/chiffres-cles-du-marche-de-gaz-naturel-de-lannee-2024\/#primaryimage"},"image":{"@id":"https:\/\/www.ilr.lu\/de\/actualite\/chiffres-cles-du-marche-de-gaz-naturel-de-lannee-2024\/#primaryimage"},"thumbnailUrl":"https:\/\/www.ilr.lu\/wp-content\/uploads\/assets\/gaz-naturel-industrie.jpeg","datePublished":"2025-06-26T07:08:11+00:00","dateModified":"2025-06-26T07:12:31+00:00","breadcrumb":{"@id":"https:\/\/www.ilr.lu\/de\/actualite\/chiffres-cles-du-marche-de-gaz-naturel-de-lannee-2024\/#breadcrumb"},"inLanguage":"de","potentialAction":[{"@type":"ReadAction","target":["https:\/\/www.ilr.lu\/de\/actualite\/chiffres-cles-du-marche-de-gaz-naturel-de-lannee-2024\/"]}]},{"@type":"ImageObject","inLanguage":"de","@id":"https:\/\/www.ilr.lu\/de\/actualite\/chiffres-cles-du-marche-de-gaz-naturel-de-lannee-2024\/#primaryimage","url":"https:\/\/www.ilr.lu\/wp-content\/uploads\/assets\/gaz-naturel-industrie.jpeg","contentUrl":"https:\/\/www.ilr.lu\/wp-content\/uploads\/assets\/gaz-naturel-industrie.jpeg","width":2048,"height":2048,"caption":"Installations de gaz naturel"},{"@type":"BreadcrumbList","@id":"https:\/\/www.ilr.lu\/de\/actualite\/chiffres-cles-du-marche-de-gaz-naturel-de-lannee-2024\/#breadcrumb","itemListElement":[{"@type":"ListItem","position":1,"name":"Accueil","item":"https:\/\/www.ilr.lu\/de\/"},{"@type":"ListItem","position":2,"name":"Chiffres cl\u00e9s du march\u00e9 de gaz naturel de l\u2019ann\u00e9e 2024"}]},{"@type":"WebSite","@id":"https:\/\/www.ilr.lu\/de\/#website","url":"https:\/\/www.ilr.lu\/de\/","name":"Institut luxembourgeois de r\u00e9gulation","description":"","publisher":{"@id":"https:\/\/www.ilr.lu\/de\/#organization"},"alternateName":"ILR","potentialAction":[{"@type":"SearchAction","target":{"@type":"EntryPoint","urlTemplate":"https:\/\/www.ilr.lu\/de\/?s={search_term_string}"},"query-input":{"@type":"PropertyValueSpecification","valueRequired":true,"valueName":"search_term_string"}}],"inLanguage":"de"},{"@type":"Organization","@id":"https:\/\/www.ilr.lu\/de\/#organization","name":"ILR","url":"https:\/\/www.ilr.lu\/de\/","logo":{"@type":"ImageObject","inLanguage":"de","@id":"https:\/\/www.ilr.lu\/de\/#\/schema\/logo\/image\/","url":"https:\/\/www.ilr.lu\/wp-content\/uploads\/Screenshot-2025-02-07-at-10.28.38.png","contentUrl":"https:\/\/www.ilr.lu\/wp-content\/uploads\/Screenshot-2025-02-07-at-10.28.38.png","width":130,"height":124,"caption":"ILR"},"image":{"@id":"https:\/\/www.ilr.lu\/de\/#\/schema\/logo\/image\/"},"sameAs":["https:\/\/www.linkedin.com\/company\/ilr\/"]}]}},"_links":{"self":[{"href":"https:\/\/www.ilr.lu\/de\/wp-json\/wp\/v2\/actualite\/31717","targetHints":{"allow":["GET"]}}],"collection":[{"href":"https:\/\/www.ilr.lu\/de\/wp-json\/wp\/v2\/actualite"}],"about":[{"href":"https:\/\/www.ilr.lu\/de\/wp-json\/wp\/v2\/types\/actualite"}],"author":[{"embeddable":true,"href":"https:\/\/www.ilr.lu\/de\/wp-json\/wp\/v2\/users\/29"}],"version-history":[{"count":1,"href":"https:\/\/www.ilr.lu\/de\/wp-json\/wp\/v2\/actualite\/31717\/revisions"}],"predecessor-version":[{"id":31718,"href":"https:\/\/www.ilr.lu\/de\/wp-json\/wp\/v2\/actualite\/31717\/revisions\/31718"}],"wp:featuredmedia":[{"embeddable":true,"href":"https:\/\/www.ilr.lu\/de\/wp-json\/wp\/v2\/media\/24069"}],"wp:attachment":[{"href":"https:\/\/www.ilr.lu\/de\/wp-json\/wp\/v2\/media?parent=31717"}],"wp:term":[{"taxonomy":"secteur","embeddable":true,"href":"https:\/\/www.ilr.lu\/de\/wp-json\/wp\/v2\/secteur?post=31717"}],"curies":[{"name":"wp","href":"https:\/\/api.w.org\/{rel}","templated":true}]}}