{"id":29537,"date":"2025-04-16T09:08:00","date_gmt":"2025-04-16T07:08:00","guid":{"rendered":"https:\/\/www.ilr.lu\/?post_type=actualite&#038;p=29537"},"modified":"2025-04-16T09:13:45","modified_gmt":"2025-04-16T07:13:45","slug":"entree-en-vigueur-de-la-loi-du-31-mars-2025-relative-a-letablissement-de-reseaux-de-transport-dhydrogene","status":"publish","type":"actualite","link":"https:\/\/www.ilr.lu\/de\/actualite\/entree-en-vigueur-de-la-loi-du-31-mars-2025-relative-a-letablissement-de-reseaux-de-transport-dhydrogene\/","title":{"rendered":"Entr\u00e9e en vigueur de la Loi du 31 mars 2025 relative \u00e0 l\u2019\u00e9tablissement de r\u00e9seaux de transport d\u2019hydrog\u00e8ne"},"content":{"rendered":"<p><em><a href=\"https:\/\/legilux.public.lu\/eli\/etat\/leg\/loi\/2025\/03\/31\/a118\/jo\">La loi du 31 mars 2025<\/a> \u00e9tablit le cadre l\u00e9gal pour le d\u00e9veloppement, l\u2019exploitation et la r\u00e9gulation de r\u00e9seaux de transport d\u2019hydrog\u00e8ne au Luxembourg.<\/em><\/p>\n<p><em>\u00a0<\/em><\/p>\n<p><em>La l\u00e9gislation vise notamment \u00e0 :<\/em><\/p>\n<ul>\n<li><em>cr\u00e9er les conditions n\u00e9cessaires \u00e0 l\u2019\u00e9mergence d\u2019un r\u00e9seau luxembourgeois de transport d\u2019hydrog\u00e8ne,<\/em><\/li>\n<li><em>soutenir la d\u00e9carbonation des secteurs difficiles \u00e0 \u00e9lectrifier,<\/em><\/li>\n<li><em>favoriser l\u2019int\u00e9gration des \u00e9nergies renouvelables dans le mix \u00e9nerg\u00e9tique,<\/em><\/li>\n<li><em>assurer la s\u00e9curit\u00e9 d\u2019approvisionnement en \u00e9nergie propre et durable.<\/em><\/li>\n<\/ul>\n<p><em>\u00a0<\/em><\/p>\n<p>Avec l\u2019entr\u00e9e en vigueur de la loi, les entreprises qui souhaitant obtenir une autorisation en vue d\u2019exercer l\u2019activit\u00e9 de gestionnaire de r\u00e9seau de transport d\u2019hydrog\u00e8ne au Luxembourg, peuvent introduire leur demande aupr\u00e8s du ministre.<\/p>\n<p>La proc\u00e9dure relative \u00e0 la demande et \u00e0 l\u2019octroi de cette autorisation est d\u00e9taill\u00e9e dans la loi, ainsi que les droits et devoirs incombant \u00e0 un tel futur gestionnaire de r\u00e9seau, dans le cadre de sa mission.<\/p>\n","protected":false},"author":21,"featured_media":29356,"template":"","meta":{"_acf_changed":false,"footnotes":""},"secteur":[10],"class_list":["post-29537","actualite","type-actualite","status-publish","has-post-thumbnail","hentry","secteur-gaz-naturel"],"acf":[],"yoast_head":"<!-- This site is optimized with the Yoast SEO Premium plugin v27.0 (Yoast SEO v27.0) - https:\/\/yoast.com\/product\/yoast-seo-premium-wordpress\/ -->\n<title>Entr\u00e9e en vigueur de la Loi du 31 mars 2025 relative \u00e0 l\u2019\u00e9tablissement de r\u00e9seaux de transport d\u2019hydrog\u00e8ne - ILR<\/title>\n<meta name=\"robots\" content=\"index, follow, max-snippet:-1, max-image-preview:large, max-video-preview:-1\" \/>\n<link rel=\"canonical\" href=\"https:\/\/www.ilr.lu\/de\/actualite\/entree-en-vigueur-de-la-loi-du-31-mars-2025-relative-a-letablissement-de-reseaux-de-transport-dhydrogene\/\" \/>\n<meta property=\"og:locale\" content=\"de_DE\" \/>\n<meta property=\"og:type\" content=\"article\" \/>\n<meta property=\"og:title\" content=\"Entr\u00e9e en vigueur de la Loi du 31 mars 2025 relative \u00e0 l\u2019\u00e9tablissement de r\u00e9seaux de transport d\u2019hydrog\u00e8ne\" \/>\n<meta property=\"og:description\" content=\"La loi du 31 mars 2025 \u00e9tablit le cadre l\u00e9gal pour le d\u00e9veloppement, l\u2019exploitation et la r\u00e9gulation de r\u00e9seaux de transport d\u2019hydrog\u00e8ne au Luxembourg. \u00a0 La l\u00e9gislation vise notamment \u00e0 : cr\u00e9er les conditions n\u00e9cessaires \u00e0 l\u2019\u00e9mergence d\u2019un r\u00e9seau luxembourgeois de transport d\u2019hydrog\u00e8ne, soutenir la d\u00e9carbonation des secteurs difficiles \u00e0 \u00e9lectrifier, favoriser l\u2019int\u00e9gration des \u00e9nergies [&hellip;]\" \/>\n<meta property=\"og:url\" content=\"https:\/\/www.ilr.lu\/de\/actualite\/entree-en-vigueur-de-la-loi-du-31-mars-2025-relative-a-letablissement-de-reseaux-de-transport-dhydrogene\/\" \/>\n<meta property=\"og:site_name\" content=\"ILR\" \/>\n<meta property=\"article:modified_time\" content=\"2025-04-16T07:13:45+00:00\" \/>\n<meta property=\"og:image\" content=\"https:\/\/www.ilr.lu\/wp-content\/uploads\/pexels-anete-lusina-4792288-scaled.jpg\" \/>\n\t<meta property=\"og:image:width\" content=\"2560\" \/>\n\t<meta property=\"og:image:height\" content=\"1709\" \/>\n\t<meta property=\"og:image:type\" content=\"image\/jpeg\" \/>\n<meta name=\"twitter:card\" content=\"summary_large_image\" \/>\n<meta name=\"twitter:label1\" content=\"Gesch\u00e4tzte Lesezeit\" \/>\n\t<meta name=\"twitter:data1\" content=\"1\u00a0Minute\" \/>\n<script type=\"application\/ld+json\" class=\"yoast-schema-graph\">{\"@context\":\"https:\/\/schema.org\",\"@graph\":[{\"@type\":\"WebPage\",\"@id\":\"https:\/\/www.ilr.lu\/de\/actualite\/entree-en-vigueur-de-la-loi-du-31-mars-2025-relative-a-letablissement-de-reseaux-de-transport-dhydrogene\/\",\"url\":\"https:\/\/www.ilr.lu\/de\/actualite\/entree-en-vigueur-de-la-loi-du-31-mars-2025-relative-a-letablissement-de-reseaux-de-transport-dhydrogene\/\",\"name\":\"Entr\u00e9e en vigueur de la Loi du 31 mars 2025 relative \u00e0 l\u2019\u00e9tablissement de r\u00e9seaux de transport d\u2019hydrog\u00e8ne - ILR\",\"isPartOf\":{\"@id\":\"https:\/\/www.ilr.lu\/de\/#website\"},\"primaryImageOfPage\":{\"@id\":\"https:\/\/www.ilr.lu\/de\/actualite\/entree-en-vigueur-de-la-loi-du-31-mars-2025-relative-a-letablissement-de-reseaux-de-transport-dhydrogene\/#primaryimage\"},\"image\":{\"@id\":\"https:\/\/www.ilr.lu\/de\/actualite\/entree-en-vigueur-de-la-loi-du-31-mars-2025-relative-a-letablissement-de-reseaux-de-transport-dhydrogene\/#primaryimage\"},\"thumbnailUrl\":\"https:\/\/www.ilr.lu\/wp-content\/uploads\/pexels-anete-lusina-4792288-scaled.jpg\",\"datePublished\":\"2025-04-16T07:08:00+00:00\",\"dateModified\":\"2025-04-16T07:13:45+00:00\",\"breadcrumb\":{\"@id\":\"https:\/\/www.ilr.lu\/de\/actualite\/entree-en-vigueur-de-la-loi-du-31-mars-2025-relative-a-letablissement-de-reseaux-de-transport-dhydrogene\/#breadcrumb\"},\"inLanguage\":\"de\",\"potentialAction\":[{\"@type\":\"ReadAction\",\"target\":[\"https:\/\/www.ilr.lu\/de\/actualite\/entree-en-vigueur-de-la-loi-du-31-mars-2025-relative-a-letablissement-de-reseaux-de-transport-dhydrogene\/\"]}]},{\"@type\":\"ImageObject\",\"inLanguage\":\"de\",\"@id\":\"https:\/\/www.ilr.lu\/de\/actualite\/entree-en-vigueur-de-la-loi-du-31-mars-2025-relative-a-letablissement-de-reseaux-de-transport-dhydrogene\/#primaryimage\",\"url\":\"https:\/\/www.ilr.lu\/wp-content\/uploads\/pexels-anete-lusina-4792288-scaled.jpg\",\"contentUrl\":\"https:\/\/www.ilr.lu\/wp-content\/uploads\/pexels-anete-lusina-4792288-scaled.jpg\",\"width\":2560,\"height\":1709},{\"@type\":\"BreadcrumbList\",\"@id\":\"https:\/\/www.ilr.lu\/de\/actualite\/entree-en-vigueur-de-la-loi-du-31-mars-2025-relative-a-letablissement-de-reseaux-de-transport-dhydrogene\/#breadcrumb\",\"itemListElement\":[{\"@type\":\"ListItem\",\"position\":1,\"name\":\"Accueil\",\"item\":\"https:\/\/www.ilr.lu\/de\/\"},{\"@type\":\"ListItem\",\"position\":2,\"name\":\"Entr\u00e9e en vigueur de la Loi du 31 mars 2025 relative \u00e0 l\u2019\u00e9tablissement de r\u00e9seaux de transport d\u2019hydrog\u00e8ne\"}]},{\"@type\":\"WebSite\",\"@id\":\"https:\/\/www.ilr.lu\/de\/#website\",\"url\":\"https:\/\/www.ilr.lu\/de\/\",\"name\":\"Institut luxembourgeois de r\u00e9gulation\",\"description\":\"\",\"publisher\":{\"@id\":\"https:\/\/www.ilr.lu\/de\/#organization\"},\"alternateName\":\"ILR\",\"potentialAction\":[{\"@type\":\"SearchAction\",\"target\":{\"@type\":\"EntryPoint\",\"urlTemplate\":\"https:\/\/www.ilr.lu\/de\/?s={search_term_string}\"},\"query-input\":{\"@type\":\"PropertyValueSpecification\",\"valueRequired\":true,\"valueName\":\"search_term_string\"}}],\"inLanguage\":\"de\"},{\"@type\":\"Organization\",\"@id\":\"https:\/\/www.ilr.lu\/de\/#organization\",\"name\":\"ILR\",\"url\":\"https:\/\/www.ilr.lu\/de\/\",\"logo\":{\"@type\":\"ImageObject\",\"inLanguage\":\"de\",\"@id\":\"https:\/\/www.ilr.lu\/de\/#\/schema\/logo\/image\/\",\"url\":\"https:\/\/www.ilr.lu\/wp-content\/uploads\/Screenshot-2025-02-07-at-10.28.38.png\",\"contentUrl\":\"https:\/\/www.ilr.lu\/wp-content\/uploads\/Screenshot-2025-02-07-at-10.28.38.png\",\"width\":130,\"height\":124,\"caption\":\"ILR\"},\"image\":{\"@id\":\"https:\/\/www.ilr.lu\/de\/#\/schema\/logo\/image\/\"},\"sameAs\":[\"https:\/\/www.linkedin.com\/company\/ilr\/\"]}]}<\/script>\n<!-- \/ Yoast SEO Premium plugin. -->","yoast_head_json":{"title":"Entr\u00e9e en vigueur de la Loi du 31 mars 2025 relative \u00e0 l\u2019\u00e9tablissement de r\u00e9seaux de transport d\u2019hydrog\u00e8ne - ILR","robots":{"index":"index","follow":"follow","max-snippet":"max-snippet:-1","max-image-preview":"max-image-preview:large","max-video-preview":"max-video-preview:-1"},"canonical":"https:\/\/www.ilr.lu\/de\/actualite\/entree-en-vigueur-de-la-loi-du-31-mars-2025-relative-a-letablissement-de-reseaux-de-transport-dhydrogene\/","og_locale":"de_DE","og_type":"article","og_title":"Entr\u00e9e en vigueur de la Loi du 31 mars 2025 relative \u00e0 l\u2019\u00e9tablissement de r\u00e9seaux de transport d\u2019hydrog\u00e8ne","og_description":"La loi du 31 mars 2025 \u00e9tablit le cadre l\u00e9gal pour le d\u00e9veloppement, l\u2019exploitation et la r\u00e9gulation de r\u00e9seaux de transport d\u2019hydrog\u00e8ne au Luxembourg. \u00a0 La l\u00e9gislation vise notamment \u00e0 : cr\u00e9er les conditions n\u00e9cessaires \u00e0 l\u2019\u00e9mergence d\u2019un r\u00e9seau luxembourgeois de transport d\u2019hydrog\u00e8ne, soutenir la d\u00e9carbonation des secteurs difficiles \u00e0 \u00e9lectrifier, favoriser l\u2019int\u00e9gration des \u00e9nergies [&hellip;]","og_url":"https:\/\/www.ilr.lu\/de\/actualite\/entree-en-vigueur-de-la-loi-du-31-mars-2025-relative-a-letablissement-de-reseaux-de-transport-dhydrogene\/","og_site_name":"ILR","article_modified_time":"2025-04-16T07:13:45+00:00","og_image":[{"width":2560,"height":1709,"url":"https:\/\/www.ilr.lu\/wp-content\/uploads\/pexels-anete-lusina-4792288-scaled.jpg","type":"image\/jpeg"}],"twitter_card":"summary_large_image","twitter_misc":{"Gesch\u00e4tzte Lesezeit":"1\u00a0Minute"},"schema":{"@context":"https:\/\/schema.org","@graph":[{"@type":"WebPage","@id":"https:\/\/www.ilr.lu\/de\/actualite\/entree-en-vigueur-de-la-loi-du-31-mars-2025-relative-a-letablissement-de-reseaux-de-transport-dhydrogene\/","url":"https:\/\/www.ilr.lu\/de\/actualite\/entree-en-vigueur-de-la-loi-du-31-mars-2025-relative-a-letablissement-de-reseaux-de-transport-dhydrogene\/","name":"Entr\u00e9e en vigueur de la Loi du 31 mars 2025 relative \u00e0 l\u2019\u00e9tablissement de r\u00e9seaux de transport d\u2019hydrog\u00e8ne - ILR","isPartOf":{"@id":"https:\/\/www.ilr.lu\/de\/#website"},"primaryImageOfPage":{"@id":"https:\/\/www.ilr.lu\/de\/actualite\/entree-en-vigueur-de-la-loi-du-31-mars-2025-relative-a-letablissement-de-reseaux-de-transport-dhydrogene\/#primaryimage"},"image":{"@id":"https:\/\/www.ilr.lu\/de\/actualite\/entree-en-vigueur-de-la-loi-du-31-mars-2025-relative-a-letablissement-de-reseaux-de-transport-dhydrogene\/#primaryimage"},"thumbnailUrl":"https:\/\/www.ilr.lu\/wp-content\/uploads\/pexels-anete-lusina-4792288-scaled.jpg","datePublished":"2025-04-16T07:08:00+00:00","dateModified":"2025-04-16T07:13:45+00:00","breadcrumb":{"@id":"https:\/\/www.ilr.lu\/de\/actualite\/entree-en-vigueur-de-la-loi-du-31-mars-2025-relative-a-letablissement-de-reseaux-de-transport-dhydrogene\/#breadcrumb"},"inLanguage":"de","potentialAction":[{"@type":"ReadAction","target":["https:\/\/www.ilr.lu\/de\/actualite\/entree-en-vigueur-de-la-loi-du-31-mars-2025-relative-a-letablissement-de-reseaux-de-transport-dhydrogene\/"]}]},{"@type":"ImageObject","inLanguage":"de","@id":"https:\/\/www.ilr.lu\/de\/actualite\/entree-en-vigueur-de-la-loi-du-31-mars-2025-relative-a-letablissement-de-reseaux-de-transport-dhydrogene\/#primaryimage","url":"https:\/\/www.ilr.lu\/wp-content\/uploads\/pexels-anete-lusina-4792288-scaled.jpg","contentUrl":"https:\/\/www.ilr.lu\/wp-content\/uploads\/pexels-anete-lusina-4792288-scaled.jpg","width":2560,"height":1709},{"@type":"BreadcrumbList","@id":"https:\/\/www.ilr.lu\/de\/actualite\/entree-en-vigueur-de-la-loi-du-31-mars-2025-relative-a-letablissement-de-reseaux-de-transport-dhydrogene\/#breadcrumb","itemListElement":[{"@type":"ListItem","position":1,"name":"Accueil","item":"https:\/\/www.ilr.lu\/de\/"},{"@type":"ListItem","position":2,"name":"Entr\u00e9e en vigueur de la Loi du 31 mars 2025 relative \u00e0 l\u2019\u00e9tablissement de r\u00e9seaux de transport d\u2019hydrog\u00e8ne"}]},{"@type":"WebSite","@id":"https:\/\/www.ilr.lu\/de\/#website","url":"https:\/\/www.ilr.lu\/de\/","name":"Institut luxembourgeois de r\u00e9gulation","description":"","publisher":{"@id":"https:\/\/www.ilr.lu\/de\/#organization"},"alternateName":"ILR","potentialAction":[{"@type":"SearchAction","target":{"@type":"EntryPoint","urlTemplate":"https:\/\/www.ilr.lu\/de\/?s={search_term_string}"},"query-input":{"@type":"PropertyValueSpecification","valueRequired":true,"valueName":"search_term_string"}}],"inLanguage":"de"},{"@type":"Organization","@id":"https:\/\/www.ilr.lu\/de\/#organization","name":"ILR","url":"https:\/\/www.ilr.lu\/de\/","logo":{"@type":"ImageObject","inLanguage":"de","@id":"https:\/\/www.ilr.lu\/de\/#\/schema\/logo\/image\/","url":"https:\/\/www.ilr.lu\/wp-content\/uploads\/Screenshot-2025-02-07-at-10.28.38.png","contentUrl":"https:\/\/www.ilr.lu\/wp-content\/uploads\/Screenshot-2025-02-07-at-10.28.38.png","width":130,"height":124,"caption":"ILR"},"image":{"@id":"https:\/\/www.ilr.lu\/de\/#\/schema\/logo\/image\/"},"sameAs":["https:\/\/www.linkedin.com\/company\/ilr\/"]}]}},"_links":{"self":[{"href":"https:\/\/www.ilr.lu\/de\/wp-json\/wp\/v2\/actualite\/29537","targetHints":{"allow":["GET"]}}],"collection":[{"href":"https:\/\/www.ilr.lu\/de\/wp-json\/wp\/v2\/actualite"}],"about":[{"href":"https:\/\/www.ilr.lu\/de\/wp-json\/wp\/v2\/types\/actualite"}],"author":[{"embeddable":true,"href":"https:\/\/www.ilr.lu\/de\/wp-json\/wp\/v2\/users\/21"}],"version-history":[{"count":3,"href":"https:\/\/www.ilr.lu\/de\/wp-json\/wp\/v2\/actualite\/29537\/revisions"}],"predecessor-version":[{"id":29557,"href":"https:\/\/www.ilr.lu\/de\/wp-json\/wp\/v2\/actualite\/29537\/revisions\/29557"}],"wp:featuredmedia":[{"embeddable":true,"href":"https:\/\/www.ilr.lu\/de\/wp-json\/wp\/v2\/media\/29356"}],"wp:attachment":[{"href":"https:\/\/www.ilr.lu\/de\/wp-json\/wp\/v2\/media?parent=29537"}],"wp:term":[{"taxonomy":"secteur","embeddable":true,"href":"https:\/\/www.ilr.lu\/de\/wp-json\/wp\/v2\/secteur?post=29537"}],"curies":[{"name":"wp","href":"https:\/\/api.w.org\/{rel}","templated":true}]}}